{"id":1064,"date":"2026-03-08T18:00:15","date_gmt":"2026-03-08T17:00:15","guid":{"rendered":"https:\/\/www.zsgeo.tugraz.at\/?p=1064"},"modified":"2026-03-13T07:33:05","modified_gmt":"2026-03-13T06:33:05","slug":"schiausflug","status":"publish","type":"post","link":"https:\/\/www.zsgeo.tugraz.at\/index.php\/2026\/03\/08\/schiausflug\/","title":{"rendered":"Schiausflug 2026 \u2744\ufe0f"},"content":{"rendered":"\n<p>Alle Jahre wieder hei\u00dft es f\u00fcr unseren Zeichensaal, ab auf die Piste!\ud83c\udfc2<\/p>\n\n\n\n<p>Dieses Mal f\u00fchrte uns unser Schiausflug auf die Grebenzen, wo wir gemeinsam eine sch\u00f6ne Zeit im Schnee verbringen konnten.\ud83c\udfd4\ufe0f\ud83d\udea0<\/p>\n\n\n\n<p>Neben vielen Schw\u00fcngen auf der Piste kam nat\u00fcrlich auch der Spa\u00df abseits davon nicht zu kurz \ud83d\ude0a. Die gemeinsame Zeit in den Bergen, gute Stimmung und viele lustige Momente machten den Ausflug zu einem echten Highlight.<\/p>\n\n\n\n<p>Ein gro\u00dfes Dankesch\u00f6n an die Organisatoren f\u00fcr die tolle Planung dieses gelungenen Schiausflugs! Wir freuen uns schon jetzt auf die n\u00e4chsten gemeinsamen Aktivit\u00e4ten. \ud83c\udf89<\/p>\n\n\n\n<p>Hier noch ein paar Eindr\u00fccke von unserem diesj\u00e4hrigen Schiausflug auf der Grebenzen:<\/p>\n\n\n\n<figure class=\"wp-block-gallery has-nested-images columns-default is-cropped wp-block-gallery-1 is-layout-flex wp-block-gallery-is-layout-flex\">\n<figure class=\"wp-block-image size-large\"><img loading=\"lazy\" decoding=\"async\" width=\"1024\" height=\"768\" data-id=\"1068\" src=\"https:\/\/www.zsgeo.tugraz.at\/wp-content\/uploads\/2026\/03\/WhatsApp-Image-2026-03-08-at-18.27.31-1024x768.jpeg\" alt=\"\" class=\"wp-image-1068\" srcset=\"https:\/\/www.zsgeo.tugraz.at\/wp-content\/uploads\/2026\/03\/WhatsApp-Image-2026-03-08-at-18.27.31-1024x768.jpeg 1024w, https:\/\/www.zsgeo.tugraz.at\/wp-content\/uploads\/2026\/03\/WhatsApp-Image-2026-03-08-at-18.27.31-300x225.jpeg 300w, https:\/\/www.zsgeo.tugraz.at\/wp-content\/uploads\/2026\/03\/WhatsApp-Image-2026-03-08-at-18.27.31-768x576.jpeg 768w, https:\/\/www.zsgeo.tugraz.at\/wp-content\/uploads\/2026\/03\/WhatsApp-Image-2026-03-08-at-18.27.31-1536x1152.jpeg 1536w, https:\/\/www.zsgeo.tugraz.at\/wp-content\/uploads\/2026\/03\/WhatsApp-Image-2026-03-08-at-18.27.31.jpeg 1600w\" sizes=\"auto, (max-width: 767px) 89vw, (max-width: 1000px) 54vw, (max-width: 1071px) 543px, 580px\" \/><\/figure>\n\n\n\n<figure class=\"wp-block-image size-large\"><img loading=\"lazy\" decoding=\"async\" width=\"1024\" height=\"576\" data-id=\"1070\" src=\"https:\/\/www.zsgeo.tugraz.at\/wp-content\/uploads\/2026\/03\/DJI_0614-1024x576.jpg\" alt=\"\" class=\"wp-image-1070\" srcset=\"https:\/\/www.zsgeo.tugraz.at\/wp-content\/uploads\/2026\/03\/DJI_0614-1024x576.jpg 1024w, https:\/\/www.zsgeo.tugraz.at\/wp-content\/uploads\/2026\/03\/DJI_0614-300x169.jpg 300w, https:\/\/www.zsgeo.tugraz.at\/wp-content\/uploads\/2026\/03\/DJI_0614-768x432.jpg 768w, https:\/\/www.zsgeo.tugraz.at\/wp-content\/uploads\/2026\/03\/DJI_0614-1536x864.jpg 1536w, https:\/\/www.zsgeo.tugraz.at\/wp-content\/uploads\/2026\/03\/DJI_0614-2048x1152.jpg 2048w\" sizes=\"auto, (max-width: 767px) 89vw, (max-width: 1000px) 54vw, (max-width: 1071px) 543px, 580px\" \/><\/figure>\n\n\n\n<figure class=\"wp-block-image size-large\"><img loading=\"lazy\" decoding=\"async\" width=\"1024\" height=\"576\" data-id=\"1071\" src=\"https:\/\/www.zsgeo.tugraz.at\/wp-content\/uploads\/2026\/03\/DJI_0644-1024x576.jpg\" alt=\"\" class=\"wp-image-1071\" srcset=\"https:\/\/www.zsgeo.tugraz.at\/wp-content\/uploads\/2026\/03\/DJI_0644-1024x576.jpg 1024w, https:\/\/www.zsgeo.tugraz.at\/wp-content\/uploads\/2026\/03\/DJI_0644-300x169.jpg 300w, https:\/\/www.zsgeo.tugraz.at\/wp-content\/uploads\/2026\/03\/DJI_0644-768x432.jpg 768w, https:\/\/www.zsgeo.tugraz.at\/wp-content\/uploads\/2026\/03\/DJI_0644-1536x864.jpg 1536w, https:\/\/www.zsgeo.tugraz.at\/wp-content\/uploads\/2026\/03\/DJI_0644-2048x1152.jpg 2048w\" sizes=\"auto, (max-width: 767px) 89vw, (max-width: 1000px) 54vw, (max-width: 1071px) 543px, 580px\" \/><\/figure>\n<\/figure>\n","protected":false},"excerpt":{"rendered":"<p>Alle Jahre wieder hei\u00dft es f\u00fcr unseren Zeichensaal, ab auf die Piste!\ud83c\udfc2 Dieses Mal f\u00fchrte uns unser Schiausflug auf die Grebenzen, wo wir gemeinsam eine sch\u00f6ne Zeit im Schnee verbringen konnten.\ud83c\udfd4\ufe0f\ud83d\udea0 Neben vielen Schw\u00fcngen auf der Piste kam nat\u00fcrlich auch der Spa\u00df abseits davon nicht zu kurz \ud83d\ude0a. Die gemeinsame Zeit in den Bergen, gute &hellip; <\/p>\n<p class=\"link-more\"><a href=\"https:\/\/www.zsgeo.tugraz.at\/index.php\/2026\/03\/08\/schiausflug\/\" class=\"more-link\"><span class=\"screen-reader-text\">\u201eSchiausflug 2026 \u2744\ufe0f\u201c<\/span> weiterlesen<\/a><\/p>\n","protected":false},"author":1,"featured_media":0,"comment_status":"closed","ping_status":"closed","sticky":false,"template":"","format":"standard","meta":{"footnotes":""},"categories":[15],"tags":[25],"class_list":["post-1064","post","type-post","status-publish","format-standard","hentry","category-ausflug","tag-schiausflug"],"_links":{"self":[{"href":"https:\/\/www.zsgeo.tugraz.at\/index.php\/wp-json\/wp\/v2\/posts\/1064","targetHints":{"allow":["GET"]}}],"collection":[{"href":"https:\/\/www.zsgeo.tugraz.at\/index.php\/wp-json\/wp\/v2\/posts"}],"about":[{"href":"https:\/\/www.zsgeo.tugraz.at\/index.php\/wp-json\/wp\/v2\/types\/post"}],"author":[{"embeddable":true,"href":"https:\/\/www.zsgeo.tugraz.at\/index.php\/wp-json\/wp\/v2\/users\/1"}],"replies":[{"embeddable":true,"href":"https:\/\/www.zsgeo.tugraz.at\/index.php\/wp-json\/wp\/v2\/comments?post=1064"}],"version-history":[{"count":5,"href":"https:\/\/www.zsgeo.tugraz.at\/index.php\/wp-json\/wp\/v2\/posts\/1064\/revisions"}],"predecessor-version":[{"id":1072,"href":"https:\/\/www.zsgeo.tugraz.at\/index.php\/wp-json\/wp\/v2\/posts\/1064\/revisions\/1072"}],"wp:attachment":[{"href":"https:\/\/www.zsgeo.tugraz.at\/index.php\/wp-json\/wp\/v2\/media?parent=1064"}],"wp:term":[{"taxonomy":"category","embeddable":true,"href":"https:\/\/www.zsgeo.tugraz.at\/index.php\/wp-json\/wp\/v2\/categories?post=1064"},{"taxonomy":"post_tag","embeddable":true,"href":"https:\/\/www.zsgeo.tugraz.at\/index.php\/wp-json\/wp\/v2\/tags?post=1064"}],"curies":[{"name":"wp","href":"https:\/\/api.w.org\/{rel}","templated":true}]}}