{"id":591,"date":"2022-05-05T10:40:13","date_gmt":"2022-05-05T09:40:13","guid":{"rendered":"https:\/\/www.zsgeo.tugraz.at\/?p=591"},"modified":"2024-01-25T21:39:34","modified_gmt":"2024-01-25T20:39:34","slug":"chefwechsel","status":"publish","type":"post","link":"https:\/\/www.zsgeo.tugraz.at\/index.php\/2022\/05\/05\/chefwechsel\/","title":{"rendered":"Chefwechsel"},"content":{"rendered":"\n<p>Stolz d\u00fcrfen wir bekanntgeben, dass bei unserer letzten Sitzung Alexander als neuer ZS-Chef und Patrick als Vize-Chef gew\u00e4hlt wurden. <img loading=\"lazy\" decoding=\"async\" width=\"16\" height=\"16\" src=\"https:\/\/static.xx.fbcdn.net\/images\/emoji.php\/v9\/tb9\/1\/16\/1f46c.png\" alt=\"\ud83d\udc6c\"><br>Wir bedanken uns recht herzlich bei unserer ehemaligen Chefin Christina f\u00fcr ihren herausragenden Einsatz in schwierigen Zeiten und freuen uns auf das n\u00e4chste St\u00f6\u00dfchen (<img loading=\"lazy\" decoding=\"async\" width=\"16\" height=\"16\" src=\"https:\/\/static.xx.fbcdn.net\/images\/emoji.php\/v9\/tf\/1\/16\/1f942.png\" alt=\"\ud83e\udd42\">) im Zeichensaal. <br>bleibst geilo<img loading=\"lazy\" decoding=\"async\" width=\"16\" height=\"16\" src=\"https:\/\/static.xx.fbcdn.net\/images\/emoji.php\/v9\/t50\/1\/16\/1f525.png\" alt=\"\ud83d\udd25\"><\/p>\n\n\n\n<figure class=\"wp-block-image size-large\"><img loading=\"lazy\" decoding=\"async\" width=\"1024\" height=\"1024\" src=\"https:\/\/www.zsgeo.tugraz.at\/wp-content\/uploads\/2022\/05\/279223694_497389938747462_1403560855058533849_n-1024x1024.jpg\" alt=\"\" class=\"wp-image-592\" srcset=\"https:\/\/www.zsgeo.tugraz.at\/wp-content\/uploads\/2022\/05\/279223694_497389938747462_1403560855058533849_n-1024x1024.jpg 1024w, https:\/\/www.zsgeo.tugraz.at\/wp-content\/uploads\/2022\/05\/279223694_497389938747462_1403560855058533849_n-300x300.jpg 300w, https:\/\/www.zsgeo.tugraz.at\/wp-content\/uploads\/2022\/05\/279223694_497389938747462_1403560855058533849_n-150x150.jpg 150w, https:\/\/www.zsgeo.tugraz.at\/wp-content\/uploads\/2022\/05\/279223694_497389938747462_1403560855058533849_n-768x767.jpg 768w, https:\/\/www.zsgeo.tugraz.at\/wp-content\/uploads\/2022\/05\/279223694_497389938747462_1403560855058533849_n-100x100.jpg 100w, https:\/\/www.zsgeo.tugraz.at\/wp-content\/uploads\/2022\/05\/279223694_497389938747462_1403560855058533849_n.jpg 1125w\" sizes=\"auto, (max-width: 767px) 89vw, (max-width: 1000px) 54vw, (max-width: 1071px) 543px, 580px\" \/><\/figure>\n","protected":false},"excerpt":{"rendered":"<p>Stolz d\u00fcrfen wir bekanntgeben, dass bei unserer letzten Sitzung Alexander als neuer ZS-Chef und Patrick als Vize-Chef gew\u00e4hlt wurden. Wir bedanken uns recht herzlich bei unserer ehemaligen Chefin Christina f\u00fcr ihren herausragenden Einsatz in schwierigen Zeiten und freuen uns auf das n\u00e4chste St\u00f6\u00dfchen () im Zeichensaal. bleibst geilo<\/p>\n","protected":false},"author":1,"featured_media":0,"comment_status":"closed","ping_status":"closed","sticky":false,"template":"","format":"standard","meta":{"footnotes":""},"categories":[16],"tags":[],"class_list":["post-591","post","type-post","status-publish","format-standard","hentry","category-chefwechsel"],"_links":{"self":[{"href":"https:\/\/www.zsgeo.tugraz.at\/index.php\/wp-json\/wp\/v2\/posts\/591","targetHints":{"allow":["GET"]}}],"collection":[{"href":"https:\/\/www.zsgeo.tugraz.at\/index.php\/wp-json\/wp\/v2\/posts"}],"about":[{"href":"https:\/\/www.zsgeo.tugraz.at\/index.php\/wp-json\/wp\/v2\/types\/post"}],"author":[{"embeddable":true,"href":"https:\/\/www.zsgeo.tugraz.at\/index.php\/wp-json\/wp\/v2\/users\/1"}],"replies":[{"embeddable":true,"href":"https:\/\/www.zsgeo.tugraz.at\/index.php\/wp-json\/wp\/v2\/comments?post=591"}],"version-history":[{"count":1,"href":"https:\/\/www.zsgeo.tugraz.at\/index.php\/wp-json\/wp\/v2\/posts\/591\/revisions"}],"predecessor-version":[{"id":593,"href":"https:\/\/www.zsgeo.tugraz.at\/index.php\/wp-json\/wp\/v2\/posts\/591\/revisions\/593"}],"wp:attachment":[{"href":"https:\/\/www.zsgeo.tugraz.at\/index.php\/wp-json\/wp\/v2\/media?parent=591"}],"wp:term":[{"taxonomy":"category","embeddable":true,"href":"https:\/\/www.zsgeo.tugraz.at\/index.php\/wp-json\/wp\/v2\/categories?post=591"},{"taxonomy":"post_tag","embeddable":true,"href":"https:\/\/www.zsgeo.tugraz.at\/index.php\/wp-json\/wp\/v2\/tags?post=591"}],"curies":[{"name":"wp","href":"https:\/\/api.w.org\/{rel}","templated":true}]}}